{"id":14911,"date":"2025-11-12T09:09:36","date_gmt":"2025-11-12T09:09:36","guid":{"rendered":"https:\/\/www.cistec.com\/mein-erstes-halbes-jahr-bei-cistec\/"},"modified":"2025-11-24T15:27:30","modified_gmt":"2025-11-24T15:27:30","slug":"mein-erstes-halbes-jahr-bei-cistec","status":"publish","type":"post","link":"https:\/\/www.cistec.com\/fr\/mein-erstes-halbes-jahr-bei-cistec\/","title":{"rendered":"Mes six premiers mois chez CISTEC"},"content":{"rendered":"<p>J\u2019ai eu le plaisir de prendre officiellement mes fonctions de CEO \u00e0 l\u2019occasion du \u00abpetit-d\u00e9jeuner des CEO\u00bb qui a eu lieu le 5 mai 2025. Durant ces six derniers mois, j\u2019ai fait de belles rencontres et d\u00e9couvert des projets passionnants. Durant cette p\u00e9riode, j\u2019ai aussi appris \u00e0 mieux conna\u00eetre l\u2019entreprise, ses \u00e9quipes formidables ainsi que nos clients et nos partenaires. Cette p\u00e9riode d\u2019apprentissage intense m\u2019a permis de mieux comprendre ce qui fait la force et l\u2019originalit\u00e9 de CISTEC.<\/p>\n<p>D\u00e8s les premi\u00e8res semaines, j\u2019ai rapidement compris que l\u2019\u00e9quipe \u00e9tait extr\u00eamement engag\u00e9e et comp\u00e9tente et qu\u2019elle travaillait avec passion et motivation \u00e0 la r\u00e9ussite de nos objectifs communs. KISIM, notre produit phare, est non seulement une prouesse technologique, mais s\u2019impose \u00e9galement comme une solution de pointe sur le march\u00e9. Lors des \u00e9changes avec nos clients, je constate de plus en plus que nous ne sommes pas que de simples gestionnaires de projets. Il y a une v\u00e9ritable relation partenariale qui s\u2019installe et qui nous permet de grandir tous ensemble.<\/p>\n<p>Ce qui me motive, c\u2019est l\u2019esprit d\u2019\u00e9quipe qui r\u00e8gne, la volont\u00e9 de se d\u00e9passer lorsque cela est n\u00e9cessaire et l\u2019enthousiasme avec lequel nous participons \u00e0 l\u2019\u00e9volution num\u00e9rique du secteur de la sant\u00e9. Mon objectif pour les mois \u00e0 venir est de faire plus ample connaissance avec l\u2019\u00e9quipe de CISTEC, de mieux cerner les attentes de nos clients et d\u2019identifier \u00e0 temps les tendances dans le domaine de la num\u00e9risation de la sant\u00e9, afin de les int\u00e9grer strat\u00e9giquement dans nos processus de travail. Nous allons \u00e9galement d\u00e9velopper la prospection et l\u2019acquisition de nouveaux clients, et pr\u00e9parer avec soin les appels d\u2019offre et les lancements. Bien entendu, nos fid\u00e8les clients continueront \u00e0 b\u00e9n\u00e9ficier de toute notre attention. Je tiens \u00e0 ce que nos ressources et nos comp\u00e9tences restent mobilis\u00e9es \u00e0 bon escient.<\/p>\n<p>Notre strat\u00e9gie s\u2019articule principalement autour de trois grands axes. Nous souhaitons acc\u00e9l\u00e9rer le d\u00e9veloppement de nos produits, notamment avec la perspective de KISIM+. Nous tenons \u00e0 offrir un service irr\u00e9prochable \u00e0 nos clients fid\u00e8les en poursuivant la standardisation de nos processus afin de gagner en efficacit\u00e9. Nous souhaitons \u00e9galement nous recentrer sur le client dans tous les domaines, depuis le service jusqu\u2019\u00e0 l\u2019innovation produit.<\/p>\n<p>Nous participons actuellement avec la direction \u00e9largie \u00e0 des ateliers strat\u00e9giques afin d\u2019optimiser nos processus internes. Nous anticipons \u00e9galement les nouveaux projets clients et travaillons \u00e0 renforcer l\u2019attractivit\u00e9 de CISTEC en tant qu\u2019employeur.<\/p>\n<p>Notre objectif est clair: faire de CISCTEC une entreprise o\u00f9 nous avons tous du plaisir \u00e0 travailler et o\u00f9 nous pouvons \u00e9voluer. Nous souhaitons \u00e9galement accompagner les patients gr\u00e2ce \u00e0 des solutions num\u00e9riques intelligentes et nous diff\u00e9rencier aupr\u00e8s de nos clients gr\u00e2ce \u00e0 des produits num\u00e9riques innovants. Ces premiers six mois ont \u00e9t\u00e9 prometteurs! Je me r\u00e9jouis de pouvoir \u00e9crire avec vous les prochains chapitres de cette belle histoire.<\/p>\n<p>Stefan M\u00fcller<br \/>\nCEO, CISTEC AG<\/p>\n","protected":false},"excerpt":{"rendered":"<p>J\u2019ai eu le plaisir de prendre officiellement mes fonctions de CEO \u00e0 l\u2019occasion du \u00abpetit-d\u00e9jeuner des CEO\u00bb qui a eu lieu le 5 mai 2025. Durant ces six derniers mois, j\u2019ai fait de belles rencontres et d\u00e9couvert des projets passionnants. Durant cette p\u00e9riode, j\u2019ai aussi appris \u00e0 mieux conna\u00eetre l\u2019entreprise, ses \u00e9quipes formidables ainsi que [&hellip;]<\/p>\n","protected":false},"author":13,"featured_media":14259,"comment_status":"closed","ping_status":"closed","sticky":false,"template":"","format":"standard","meta":{"_acf_changed":false,"footnotes":""},"categories":[634,434],"tags":[],"class_list":["post-14911","post","type-post","status-publish","format-standard","has-post-thumbnail","hentry","category-blog-fr","category-cistec-fr"],"acf":[],"yoast_head":"<!-- This site is optimized with the Yoast SEO plugin v24.8.1 - https:\/\/yoast.com\/wordpress\/plugins\/seo\/ -->\n<title>Mes six premiers mois chez CISTEC - CISTEC<\/title>\n<meta name=\"robots\" content=\"index, follow, max-snippet:-1, max-image-preview:large, max-video-preview:-1\" \/>\n<link rel=\"canonical\" href=\"https:\/\/www.cistec.com\/fr\/mein-erstes-halbes-jahr-bei-cistec\/\" \/>\n<meta property=\"og:locale\" content=\"fr_FR\" \/>\n<meta property=\"og:type\" content=\"article\" \/>\n<meta property=\"og:title\" content=\"Mes six premiers mois chez CISTEC - CISTEC\" \/>\n<meta property=\"og:description\" content=\"J\u2019ai eu le plaisir de prendre officiellement mes fonctions de CEO \u00e0 l\u2019occasion du \u00abpetit-d\u00e9jeuner des CEO\u00bb qui a eu lieu le 5 mai 2025. Durant ces six derniers mois, j\u2019ai fait de belles rencontres et d\u00e9couvert des projets passionnants. Durant cette p\u00e9riode, j\u2019ai aussi appris \u00e0 mieux conna\u00eetre l\u2019entreprise, ses \u00e9quipes formidables ainsi que [&hellip;]\" \/>\n<meta property=\"og:url\" content=\"https:\/\/www.cistec.com\/fr\/mein-erstes-halbes-jahr-bei-cistec\/\" \/>\n<meta property=\"og:site_name\" content=\"CISTEC\" \/>\n<meta property=\"article:published_time\" content=\"2025-11-12T09:09:36+00:00\" \/>\n<meta property=\"article:modified_time\" content=\"2025-11-24T15:27:30+00:00\" \/>\n<meta property=\"og:image\" content=\"https:\/\/www.cistec.com\/wp-content\/uploads\/2025\/04\/Cistec-Stefan-Mueller-1415-K1-scaled.jpg\" \/>\n\t<meta property=\"og:image:width\" content=\"2560\" \/>\n\t<meta property=\"og:image:height\" content=\"2018\" \/>\n\t<meta property=\"og:image:type\" content=\"image\/jpeg\" \/>\n<meta name=\"author\" content=\"Christine Aly\" \/>\n<meta name=\"twitter:card\" content=\"summary_large_image\" \/>\n<meta name=\"twitter:label1\" content=\"\u00c9crit par\" \/>\n\t<meta name=\"twitter:data1\" content=\"Christine Aly\" \/>\n\t<meta name=\"twitter:label2\" content=\"Dur\u00e9e de lecture estim\u00e9e\" \/>\n\t<meta name=\"twitter:data2\" content=\"3 minutes\" \/>\n<script type=\"application\/ld+json\" class=\"yoast-schema-graph\">{\"@context\":\"https:\/\/schema.org\",\"@graph\":[{\"@type\":\"Article\",\"@id\":\"https:\/\/www.cistec.com\/fr\/mein-erstes-halbes-jahr-bei-cistec\/#article\",\"isPartOf\":{\"@id\":\"https:\/\/www.cistec.com\/fr\/mein-erstes-halbes-jahr-bei-cistec\/\"},\"author\":{\"name\":\"Christine Aly\",\"@id\":\"https:\/\/www.cistec.com\/fr\/#\/schema\/person\/167dcb2d0e5792722683ff1564cb2f97\"},\"headline\":\"Mes six premiers mois chez CISTEC\",\"datePublished\":\"2025-11-12T09:09:36+00:00\",\"dateModified\":\"2025-11-24T15:27:30+00:00\",\"mainEntityOfPage\":{\"@id\":\"https:\/\/www.cistec.com\/fr\/mein-erstes-halbes-jahr-bei-cistec\/\"},\"wordCount\":524,\"publisher\":{\"@id\":\"https:\/\/www.cistec.com\/fr\/#organization\"},\"image\":{\"@id\":\"https:\/\/www.cistec.com\/fr\/mein-erstes-halbes-jahr-bei-cistec\/#primaryimage\"},\"thumbnailUrl\":\"https:\/\/www.cistec.com\/wp-content\/uploads\/2025\/04\/Cistec-Stefan-Mueller-1415-K1-scaled.jpg\",\"articleSection\":[\"_BLOG\",\"CISTEC\"],\"inLanguage\":\"fr-FR\"},{\"@type\":\"WebPage\",\"@id\":\"https:\/\/www.cistec.com\/fr\/mein-erstes-halbes-jahr-bei-cistec\/\",\"url\":\"https:\/\/www.cistec.com\/fr\/mein-erstes-halbes-jahr-bei-cistec\/\",\"name\":\"Mes six premiers mois chez CISTEC - CISTEC\",\"isPartOf\":{\"@id\":\"https:\/\/www.cistec.com\/fr\/#website\"},\"primaryImageOfPage\":{\"@id\":\"https:\/\/www.cistec.com\/fr\/mein-erstes-halbes-jahr-bei-cistec\/#primaryimage\"},\"image\":{\"@id\":\"https:\/\/www.cistec.com\/fr\/mein-erstes-halbes-jahr-bei-cistec\/#primaryimage\"},\"thumbnailUrl\":\"https:\/\/www.cistec.com\/wp-content\/uploads\/2025\/04\/Cistec-Stefan-Mueller-1415-K1-scaled.jpg\",\"datePublished\":\"2025-11-12T09:09:36+00:00\",\"dateModified\":\"2025-11-24T15:27:30+00:00\",\"breadcrumb\":{\"@id\":\"https:\/\/www.cistec.com\/fr\/mein-erstes-halbes-jahr-bei-cistec\/#breadcrumb\"},\"inLanguage\":\"fr-FR\",\"potentialAction\":[{\"@type\":\"ReadAction\",\"target\":[\"https:\/\/www.cistec.com\/fr\/mein-erstes-halbes-jahr-bei-cistec\/\"]}]},{\"@type\":\"ImageObject\",\"inLanguage\":\"fr-FR\",\"@id\":\"https:\/\/www.cistec.com\/fr\/mein-erstes-halbes-jahr-bei-cistec\/#primaryimage\",\"url\":\"https:\/\/www.cistec.com\/wp-content\/uploads\/2025\/04\/Cistec-Stefan-Mueller-1415-K1-scaled.jpg\",\"contentUrl\":\"https:\/\/www.cistec.com\/wp-content\/uploads\/2025\/04\/Cistec-Stefan-Mueller-1415-K1-scaled.jpg\",\"width\":2560,\"height\":2018},{\"@type\":\"BreadcrumbList\",\"@id\":\"https:\/\/www.cistec.com\/fr\/mein-erstes-halbes-jahr-bei-cistec\/#breadcrumb\",\"itemListElement\":[{\"@type\":\"ListItem\",\"position\":1,\"name\":\"Home\",\"item\":\"https:\/\/www.cistec.com\/fr\/\"},{\"@type\":\"ListItem\",\"position\":2,\"name\":\"Mes six premiers mois chez CISTEC\"}]},{\"@type\":\"WebSite\",\"@id\":\"https:\/\/www.cistec.com\/fr\/#website\",\"url\":\"https:\/\/www.cistec.com\/fr\/\",\"name\":\"CISTEC\",\"description\":\"Clinical Information Systems\",\"publisher\":{\"@id\":\"https:\/\/www.cistec.com\/fr\/#organization\"},\"potentialAction\":[{\"@type\":\"SearchAction\",\"target\":{\"@type\":\"EntryPoint\",\"urlTemplate\":\"https:\/\/www.cistec.com\/fr\/?s={search_term_string}\"},\"query-input\":{\"@type\":\"PropertyValueSpecification\",\"valueRequired\":true,\"valueName\":\"search_term_string\"}}],\"inLanguage\":\"fr-FR\"},{\"@type\":\"Organization\",\"@id\":\"https:\/\/www.cistec.com\/fr\/#organization\",\"name\":\"CISTEC AG\",\"url\":\"https:\/\/www.cistec.com\/fr\/\",\"logo\":{\"@type\":\"ImageObject\",\"inLanguage\":\"fr-FR\",\"@id\":\"https:\/\/www.cistec.com\/fr\/#\/schema\/logo\/image\/\",\"url\":\"https:\/\/www.cistec.com\/wp-content\/uploads\/2017\/05\/logo.png\",\"contentUrl\":\"https:\/\/www.cistec.com\/wp-content\/uploads\/2017\/05\/logo.png\",\"width\":211,\"height\":37,\"caption\":\"CISTEC AG\"},\"image\":{\"@id\":\"https:\/\/www.cistec.com\/fr\/#\/schema\/logo\/image\/\"}},{\"@type\":\"Person\",\"@id\":\"https:\/\/www.cistec.com\/fr\/#\/schema\/person\/167dcb2d0e5792722683ff1564cb2f97\",\"name\":\"Christine Aly\",\"image\":{\"@type\":\"ImageObject\",\"inLanguage\":\"fr-FR\",\"@id\":\"https:\/\/www.cistec.com\/fr\/#\/schema\/person\/image\/\",\"url\":\"https:\/\/secure.gravatar.com\/avatar\/6f6a6096e2f749552d682b4150a4628b?s=96&d=mm&r=g\",\"contentUrl\":\"https:\/\/secure.gravatar.com\/avatar\/6f6a6096e2f749552d682b4150a4628b?s=96&d=mm&r=g\",\"caption\":\"Christine Aly\"},\"url\":\"https:\/\/www.cistec.com\/fr\/author\/christine-aly\/\"}]}<\/script>\n<!-- \/ Yoast SEO plugin. -->","yoast_head_json":{"title":"Mes six premiers mois chez CISTEC - CISTEC","robots":{"index":"index","follow":"follow","max-snippet":"max-snippet:-1","max-image-preview":"max-image-preview:large","max-video-preview":"max-video-preview:-1"},"canonical":"https:\/\/www.cistec.com\/fr\/mein-erstes-halbes-jahr-bei-cistec\/","og_locale":"fr_FR","og_type":"article","og_title":"Mes six premiers mois chez CISTEC - CISTEC","og_description":"J\u2019ai eu le plaisir de prendre officiellement mes fonctions de CEO \u00e0 l\u2019occasion du \u00abpetit-d\u00e9jeuner des CEO\u00bb qui a eu lieu le 5 mai 2025. Durant ces six derniers mois, j\u2019ai fait de belles rencontres et d\u00e9couvert des projets passionnants. Durant cette p\u00e9riode, j\u2019ai aussi appris \u00e0 mieux conna\u00eetre l\u2019entreprise, ses \u00e9quipes formidables ainsi que [&hellip;]","og_url":"https:\/\/www.cistec.com\/fr\/mein-erstes-halbes-jahr-bei-cistec\/","og_site_name":"CISTEC","article_published_time":"2025-11-12T09:09:36+00:00","article_modified_time":"2025-11-24T15:27:30+00:00","og_image":[{"width":2560,"height":2018,"url":"https:\/\/www.cistec.com\/wp-content\/uploads\/2025\/04\/Cistec-Stefan-Mueller-1415-K1-scaled.jpg","type":"image\/jpeg"}],"author":"Christine Aly","twitter_card":"summary_large_image","twitter_misc":{"\u00c9crit par":"Christine Aly","Dur\u00e9e de lecture estim\u00e9e":"3 minutes"},"schema":{"@context":"https:\/\/schema.org","@graph":[{"@type":"Article","@id":"https:\/\/www.cistec.com\/fr\/mein-erstes-halbes-jahr-bei-cistec\/#article","isPartOf":{"@id":"https:\/\/www.cistec.com\/fr\/mein-erstes-halbes-jahr-bei-cistec\/"},"author":{"name":"Christine Aly","@id":"https:\/\/www.cistec.com\/fr\/#\/schema\/person\/167dcb2d0e5792722683ff1564cb2f97"},"headline":"Mes six premiers mois chez CISTEC","datePublished":"2025-11-12T09:09:36+00:00","dateModified":"2025-11-24T15:27:30+00:00","mainEntityOfPage":{"@id":"https:\/\/www.cistec.com\/fr\/mein-erstes-halbes-jahr-bei-cistec\/"},"wordCount":524,"publisher":{"@id":"https:\/\/www.cistec.com\/fr\/#organization"},"image":{"@id":"https:\/\/www.cistec.com\/fr\/mein-erstes-halbes-jahr-bei-cistec\/#primaryimage"},"thumbnailUrl":"https:\/\/www.cistec.com\/wp-content\/uploads\/2025\/04\/Cistec-Stefan-Mueller-1415-K1-scaled.jpg","articleSection":["_BLOG","CISTEC"],"inLanguage":"fr-FR"},{"@type":"WebPage","@id":"https:\/\/www.cistec.com\/fr\/mein-erstes-halbes-jahr-bei-cistec\/","url":"https:\/\/www.cistec.com\/fr\/mein-erstes-halbes-jahr-bei-cistec\/","name":"Mes six premiers mois chez CISTEC - CISTEC","isPartOf":{"@id":"https:\/\/www.cistec.com\/fr\/#website"},"primaryImageOfPage":{"@id":"https:\/\/www.cistec.com\/fr\/mein-erstes-halbes-jahr-bei-cistec\/#primaryimage"},"image":{"@id":"https:\/\/www.cistec.com\/fr\/mein-erstes-halbes-jahr-bei-cistec\/#primaryimage"},"thumbnailUrl":"https:\/\/www.cistec.com\/wp-content\/uploads\/2025\/04\/Cistec-Stefan-Mueller-1415-K1-scaled.jpg","datePublished":"2025-11-12T09:09:36+00:00","dateModified":"2025-11-24T15:27:30+00:00","breadcrumb":{"@id":"https:\/\/www.cistec.com\/fr\/mein-erstes-halbes-jahr-bei-cistec\/#breadcrumb"},"inLanguage":"fr-FR","potentialAction":[{"@type":"ReadAction","target":["https:\/\/www.cistec.com\/fr\/mein-erstes-halbes-jahr-bei-cistec\/"]}]},{"@type":"ImageObject","inLanguage":"fr-FR","@id":"https:\/\/www.cistec.com\/fr\/mein-erstes-halbes-jahr-bei-cistec\/#primaryimage","url":"https:\/\/www.cistec.com\/wp-content\/uploads\/2025\/04\/Cistec-Stefan-Mueller-1415-K1-scaled.jpg","contentUrl":"https:\/\/www.cistec.com\/wp-content\/uploads\/2025\/04\/Cistec-Stefan-Mueller-1415-K1-scaled.jpg","width":2560,"height":2018},{"@type":"BreadcrumbList","@id":"https:\/\/www.cistec.com\/fr\/mein-erstes-halbes-jahr-bei-cistec\/#breadcrumb","itemListElement":[{"@type":"ListItem","position":1,"name":"Home","item":"https:\/\/www.cistec.com\/fr\/"},{"@type":"ListItem","position":2,"name":"Mes six premiers mois chez CISTEC"}]},{"@type":"WebSite","@id":"https:\/\/www.cistec.com\/fr\/#website","url":"https:\/\/www.cistec.com\/fr\/","name":"CISTEC","description":"Clinical Information Systems","publisher":{"@id":"https:\/\/www.cistec.com\/fr\/#organization"},"potentialAction":[{"@type":"SearchAction","target":{"@type":"EntryPoint","urlTemplate":"https:\/\/www.cistec.com\/fr\/?s={search_term_string}"},"query-input":{"@type":"PropertyValueSpecification","valueRequired":true,"valueName":"search_term_string"}}],"inLanguage":"fr-FR"},{"@type":"Organization","@id":"https:\/\/www.cistec.com\/fr\/#organization","name":"CISTEC AG","url":"https:\/\/www.cistec.com\/fr\/","logo":{"@type":"ImageObject","inLanguage":"fr-FR","@id":"https:\/\/www.cistec.com\/fr\/#\/schema\/logo\/image\/","url":"https:\/\/www.cistec.com\/wp-content\/uploads\/2017\/05\/logo.png","contentUrl":"https:\/\/www.cistec.com\/wp-content\/uploads\/2017\/05\/logo.png","width":211,"height":37,"caption":"CISTEC AG"},"image":{"@id":"https:\/\/www.cistec.com\/fr\/#\/schema\/logo\/image\/"}},{"@type":"Person","@id":"https:\/\/www.cistec.com\/fr\/#\/schema\/person\/167dcb2d0e5792722683ff1564cb2f97","name":"Christine Aly","image":{"@type":"ImageObject","inLanguage":"fr-FR","@id":"https:\/\/www.cistec.com\/fr\/#\/schema\/person\/image\/","url":"https:\/\/secure.gravatar.com\/avatar\/6f6a6096e2f749552d682b4150a4628b?s=96&d=mm&r=g","contentUrl":"https:\/\/secure.gravatar.com\/avatar\/6f6a6096e2f749552d682b4150a4628b?s=96&d=mm&r=g","caption":"Christine Aly"},"url":"https:\/\/www.cistec.com\/fr\/author\/christine-aly\/"}]}},"_links":{"self":[{"href":"https:\/\/www.cistec.com\/fr\/wp-json\/wp\/v2\/posts\/14911","targetHints":{"allow":["GET"]}}],"collection":[{"href":"https:\/\/www.cistec.com\/fr\/wp-json\/wp\/v2\/posts"}],"about":[{"href":"https:\/\/www.cistec.com\/fr\/wp-json\/wp\/v2\/types\/post"}],"author":[{"embeddable":true,"href":"https:\/\/www.cistec.com\/fr\/wp-json\/wp\/v2\/users\/13"}],"replies":[{"embeddable":true,"href":"https:\/\/www.cistec.com\/fr\/wp-json\/wp\/v2\/comments?post=14911"}],"version-history":[{"count":5,"href":"https:\/\/www.cistec.com\/fr\/wp-json\/wp\/v2\/posts\/14911\/revisions"}],"predecessor-version":[{"id":14917,"href":"https:\/\/www.cistec.com\/fr\/wp-json\/wp\/v2\/posts\/14911\/revisions\/14917"}],"wp:featuredmedia":[{"embeddable":true,"href":"https:\/\/www.cistec.com\/fr\/wp-json\/wp\/v2\/media\/14259"}],"wp:attachment":[{"href":"https:\/\/www.cistec.com\/fr\/wp-json\/wp\/v2\/media?parent=14911"}],"wp:term":[{"taxonomy":"category","embeddable":true,"href":"https:\/\/www.cistec.com\/fr\/wp-json\/wp\/v2\/categories?post=14911"},{"taxonomy":"post_tag","embeddable":true,"href":"https:\/\/www.cistec.com\/fr\/wp-json\/wp\/v2\/tags?post=14911"}],"curies":[{"name":"wp","href":"https:\/\/api.w.org\/{rel}","templated":true}]}}